{"id":4238,"date":"2019-09-26T21:13:14","date_gmt":"2019-09-26T21:13:14","guid":{"rendered":"https:\/\/lldmnow.com\/temasdoctrinales\/?p=4238"},"modified":"2019-09-26T21:13:14","modified_gmt":"2019-09-26T21:13:14","slug":"en-las-tinieblas-la-luz-resplandecio","status":"publish","type":"post","link":"https:\/\/lldmnow.com\/temasdoctrinales\/en-las-tinieblas-la-luz-resplandecio\/","title":{"rendered":"En las tinieblas la luz resplandeci\u00f3"},"content":{"rendered":"<p><iframe loading=\"lazy\" src=\"https:\/\/www.youtube.com\/embed\/q4g1Ku745K0\" width=\"100%\" height=\"460\" frameborder=\"0\" allowfullscreen><\/iframe><\/p>\n<p>En las tinieblas la luz resplandeci\u00f3, Ap\u00f3stol Samuel Joaqu\u00edn, Espistola Apostolica , Houston; TX, 15 noviembre de 2012<\/p>\n<button class=\"simplefavorite-button has-count\" data-postid=\"4238\" data-siteid=\"1\" data-groupid=\"1\" data-favoritecount=\"0\" style=\"\">Favorito <i class=\"sf-icon-star-empty\"><\/i><span class=\"simplefavorite-button-count\" style=\"\">0<\/span><\/button>","protected":false},"excerpt":{"rendered":"<p>En las tinieblas la luz resplandeci\u00f3, Ap\u00f3stol Samuel Joaqu\u00edn, Espistola Apostolica , Houston; TX, 15 noviembre de 2012 Favorito 0<\/p>\n","protected":false},"author":1,"featured_media":4239,"comment_status":"open","ping_status":"open","sticky":false,"template":"","format":"standard","meta":{"episode_type":"","audio_file":"","podmotor_file_id":"","podmotor_episode_id":"","cover_image":"","cover_image_id":"","duration":"","filesize":"","filesize_raw":"","date_recorded":"","explicit":"","block":"","jetpack_post_was_ever_published":false,"_jetpack_newsletter_access":"","_jetpack_dont_email_post_to_subs":false,"_jetpack_newsletter_tier_id":0,"_jetpack_memberships_contains_paywalled_content":false,"_jetpack_memberships_contains_paid_content":false,"footnotes":"","jetpack_publicize_message":"","jetpack_publicize_feature_enabled":true,"jetpack_social_post_already_shared":false,"jetpack_social_options":{"image_generator_settings":{"template":"highway","default_image_id":0,"font":"","enabled":false},"version":2}},"categories":[185,186],"tags":[],"class_list":["post-4238","post","type-post","status-publish","format-standard","has-post-thumbnail","hentry","category-apostol-naason-joaquin","category-apostol-samuel-joaquin"],"yoast_head":"<!-- This site is optimized with the Yoast SEO plugin v27.2 - https:\/\/yoast.com\/product\/yoast-seo-wordpress\/ -->\n<title>En las tinieblas la luz resplandeci\u00f3 - Temas Doctrinales<\/title>\n<meta name=\"robots\" content=\"index, follow, max-snippet:-1, max-image-preview:large, max-video-preview:-1\" \/>\n<link rel=\"canonical\" href=\"https:\/\/lldmnow.com\/temasdoctrinales\/en-las-tinieblas-la-luz-resplandecio\/\" \/>\n<meta property=\"og:locale\" content=\"es_ES\" \/>\n<meta property=\"og:type\" content=\"article\" \/>\n<meta property=\"og:title\" content=\"En las tinieblas la luz resplandeci\u00f3 - Temas Doctrinales\" \/>\n<meta property=\"og:description\" content=\"En las tinieblas la luz resplandeci\u00f3, Ap\u00f3stol Samuel Joaqu\u00edn, Espistola Apostolica , Houston; TX, 15 noviembre de 2012 Favorito 0\" \/>\n<meta property=\"og:url\" content=\"https:\/\/lldmnow.com\/temasdoctrinales\/en-las-tinieblas-la-luz-resplandecio\/\" \/>\n<meta property=\"og:site_name\" content=\"Temas Doctrinales\" \/>\n<meta property=\"article:published_time\" content=\"2019-09-26T21:13:14+00:00\" \/>\n<meta property=\"og:image\" content=\"https:\/\/i0.wp.com\/lldmnow.com\/temasdoctrinales\/wp-content\/uploads\/2019\/09\/Samuel-Joaquin-Flores-770x455-1.jpg?fit=770%2C455&ssl=1\" \/>\n\t<meta property=\"og:image:width\" content=\"770\" \/>\n\t<meta property=\"og:image:height\" content=\"455\" \/>\n\t<meta property=\"og:image:type\" content=\"image\/jpeg\" \/>\n<meta name=\"author\" content=\"lldmnow\" \/>\n<meta name=\"twitter:card\" content=\"summary_large_image\" \/>\n<meta name=\"twitter:label1\" content=\"Escrito por\" \/>\n\t<meta name=\"twitter:data1\" content=\"lldmnow\" \/>\n<script type=\"application\/ld+json\" class=\"yoast-schema-graph\">{\"@context\":\"https:\/\/schema.org\",\"@graph\":[{\"@type\":\"Article\",\"@id\":\"https:\/\/lldmnow.com\/temasdoctrinales\/en-las-tinieblas-la-luz-resplandecio\/#article\",\"isPartOf\":{\"@id\":\"https:\/\/lldmnow.com\/temasdoctrinales\/en-las-tinieblas-la-luz-resplandecio\/\"},\"author\":{\"name\":\"lldmnow\",\"@id\":\"https:\/\/lldmnow.com\/temasdoctrinales\/#\/schema\/person\/03785e226831930f5c43251363c47713\"},\"headline\":\"En las tinieblas la luz resplandeci\u00f3\",\"datePublished\":\"2019-09-26T21:13:14+00:00\",\"mainEntityOfPage\":{\"@id\":\"https:\/\/lldmnow.com\/temasdoctrinales\/en-las-tinieblas-la-luz-resplandecio\/\"},\"wordCount\":23,\"commentCount\":0,\"image\":{\"@id\":\"https:\/\/lldmnow.com\/temasdoctrinales\/en-las-tinieblas-la-luz-resplandecio\/#primaryimage\"},\"thumbnailUrl\":\"https:\/\/i0.wp.com\/lldmnow.com\/temasdoctrinales\/wp-content\/uploads\/2019\/09\/Samuel-Joaquin-Flores-770x455-1.jpg?fit=770%2C455&ssl=1\",\"articleSection\":[\"Ap\u00f3stol Naas\u00f3n Joaqu\u00edn\",\"Ap\u00f3stol Samuel Joaqu\u00edn\"],\"inLanguage\":\"es\",\"potentialAction\":[{\"@type\":\"CommentAction\",\"name\":\"Comment\",\"target\":[\"https:\/\/lldmnow.com\/temasdoctrinales\/en-las-tinieblas-la-luz-resplandecio\/#respond\"]}]},{\"@type\":\"WebPage\",\"@id\":\"https:\/\/lldmnow.com\/temasdoctrinales\/en-las-tinieblas-la-luz-resplandecio\/\",\"url\":\"https:\/\/lldmnow.com\/temasdoctrinales\/en-las-tinieblas-la-luz-resplandecio\/\",\"name\":\"En las tinieblas la luz resplandeci\u00f3 - Temas Doctrinales\",\"isPartOf\":{\"@id\":\"https:\/\/lldmnow.com\/temasdoctrinales\/#website\"},\"primaryImageOfPage\":{\"@id\":\"https:\/\/lldmnow.com\/temasdoctrinales\/en-las-tinieblas-la-luz-resplandecio\/#primaryimage\"},\"image\":{\"@id\":\"https:\/\/lldmnow.com\/temasdoctrinales\/en-las-tinieblas-la-luz-resplandecio\/#primaryimage\"},\"thumbnailUrl\":\"https:\/\/i0.wp.com\/lldmnow.com\/temasdoctrinales\/wp-content\/uploads\/2019\/09\/Samuel-Joaquin-Flores-770x455-1.jpg?fit=770%2C455&ssl=1\",\"datePublished\":\"2019-09-26T21:13:14+00:00\",\"author\":{\"@id\":\"https:\/\/lldmnow.com\/temasdoctrinales\/#\/schema\/person\/03785e226831930f5c43251363c47713\"},\"breadcrumb\":{\"@id\":\"https:\/\/lldmnow.com\/temasdoctrinales\/en-las-tinieblas-la-luz-resplandecio\/#breadcrumb\"},\"inLanguage\":\"es\",\"potentialAction\":[{\"@type\":\"ReadAction\",\"target\":[\"https:\/\/lldmnow.com\/temasdoctrinales\/en-las-tinieblas-la-luz-resplandecio\/\"]}]},{\"@type\":\"ImageObject\",\"inLanguage\":\"es\",\"@id\":\"https:\/\/lldmnow.com\/temasdoctrinales\/en-las-tinieblas-la-luz-resplandecio\/#primaryimage\",\"url\":\"https:\/\/i0.wp.com\/lldmnow.com\/temasdoctrinales\/wp-content\/uploads\/2019\/09\/Samuel-Joaquin-Flores-770x455-1.jpg?fit=770%2C455&ssl=1\",\"contentUrl\":\"https:\/\/i0.wp.com\/lldmnow.com\/temasdoctrinales\/wp-content\/uploads\/2019\/09\/Samuel-Joaquin-Flores-770x455-1.jpg?fit=770%2C455&ssl=1\",\"width\":770,\"height\":455},{\"@type\":\"BreadcrumbList\",\"@id\":\"https:\/\/lldmnow.com\/temasdoctrinales\/en-las-tinieblas-la-luz-resplandecio\/#breadcrumb\",\"itemListElement\":[{\"@type\":\"ListItem\",\"position\":1,\"name\":\"Inicio\",\"item\":\"https:\/\/lldmnow.com\/temasdoctrinales\/\"},{\"@type\":\"ListItem\",\"position\":2,\"name\":\"En las tinieblas la luz resplandeci\u00f3\"}]},{\"@type\":\"WebSite\",\"@id\":\"https:\/\/lldmnow.com\/temasdoctrinales\/#website\",\"url\":\"https:\/\/lldmnow.com\/temasdoctrinales\/\",\"name\":\"Temas Doctrinales\",\"description\":\"Diversos estudios b\u00edblicos Cristianos\",\"potentialAction\":[{\"@type\":\"SearchAction\",\"target\":{\"@type\":\"EntryPoint\",\"urlTemplate\":\"https:\/\/lldmnow.com\/temasdoctrinales\/?s={search_term_string}\"},\"query-input\":{\"@type\":\"PropertyValueSpecification\",\"valueRequired\":true,\"valueName\":\"search_term_string\"}}],\"inLanguage\":\"es\"},{\"@type\":\"Person\",\"@id\":\"https:\/\/lldmnow.com\/temasdoctrinales\/#\/schema\/person\/03785e226831930f5c43251363c47713\",\"name\":\"lldmnow\",\"image\":{\"@type\":\"ImageObject\",\"inLanguage\":\"es\",\"@id\":\"https:\/\/secure.gravatar.com\/avatar\/007aefc26e8c5a80da6bf1856ed30427a51dfe99d86b2f47bac2a71c9a23f6f9?s=96&d=mm&r=g\",\"url\":\"https:\/\/secure.gravatar.com\/avatar\/007aefc26e8c5a80da6bf1856ed30427a51dfe99d86b2f47bac2a71c9a23f6f9?s=96&d=mm&r=g\",\"contentUrl\":\"https:\/\/secure.gravatar.com\/avatar\/007aefc26e8c5a80da6bf1856ed30427a51dfe99d86b2f47bac2a71c9a23f6f9?s=96&d=mm&r=g\",\"caption\":\"lldmnow\"},\"sameAs\":[\"https:\/\/lldmnow.com\/temasdoctrinales\/2022\"],\"url\":\"https:\/\/lldmnow.com\/temasdoctrinales\/author\/contactolldmnow-com\/\"}]}<\/script>\n<!-- \/ Yoast SEO plugin. -->","yoast_head_json":{"title":"En las tinieblas la luz resplandeci\u00f3 - Temas Doctrinales","robots":{"index":"index","follow":"follow","max-snippet":"max-snippet:-1","max-image-preview":"max-image-preview:large","max-video-preview":"max-video-preview:-1"},"canonical":"https:\/\/lldmnow.com\/temasdoctrinales\/en-las-tinieblas-la-luz-resplandecio\/","og_locale":"es_ES","og_type":"article","og_title":"En las tinieblas la luz resplandeci\u00f3 - Temas Doctrinales","og_description":"En las tinieblas la luz resplandeci\u00f3, Ap\u00f3stol Samuel Joaqu\u00edn, Espistola Apostolica , Houston; TX, 15 noviembre de 2012 Favorito 0","og_url":"https:\/\/lldmnow.com\/temasdoctrinales\/en-las-tinieblas-la-luz-resplandecio\/","og_site_name":"Temas Doctrinales","article_published_time":"2019-09-26T21:13:14+00:00","og_image":[{"width":770,"height":455,"url":"https:\/\/i0.wp.com\/lldmnow.com\/temasdoctrinales\/wp-content\/uploads\/2019\/09\/Samuel-Joaquin-Flores-770x455-1.jpg?fit=770%2C455&ssl=1","type":"image\/jpeg"}],"author":"lldmnow","twitter_card":"summary_large_image","twitter_misc":{"Escrito por":"lldmnow"},"schema":{"@context":"https:\/\/schema.org","@graph":[{"@type":"Article","@id":"https:\/\/lldmnow.com\/temasdoctrinales\/en-las-tinieblas-la-luz-resplandecio\/#article","isPartOf":{"@id":"https:\/\/lldmnow.com\/temasdoctrinales\/en-las-tinieblas-la-luz-resplandecio\/"},"author":{"name":"lldmnow","@id":"https:\/\/lldmnow.com\/temasdoctrinales\/#\/schema\/person\/03785e226831930f5c43251363c47713"},"headline":"En las tinieblas la luz resplandeci\u00f3","datePublished":"2019-09-26T21:13:14+00:00","mainEntityOfPage":{"@id":"https:\/\/lldmnow.com\/temasdoctrinales\/en-las-tinieblas-la-luz-resplandecio\/"},"wordCount":23,"commentCount":0,"image":{"@id":"https:\/\/lldmnow.com\/temasdoctrinales\/en-las-tinieblas-la-luz-resplandecio\/#primaryimage"},"thumbnailUrl":"https:\/\/i0.wp.com\/lldmnow.com\/temasdoctrinales\/wp-content\/uploads\/2019\/09\/Samuel-Joaquin-Flores-770x455-1.jpg?fit=770%2C455&ssl=1","articleSection":["Ap\u00f3stol Naas\u00f3n Joaqu\u00edn","Ap\u00f3stol Samuel Joaqu\u00edn"],"inLanguage":"es","potentialAction":[{"@type":"CommentAction","name":"Comment","target":["https:\/\/lldmnow.com\/temasdoctrinales\/en-las-tinieblas-la-luz-resplandecio\/#respond"]}]},{"@type":"WebPage","@id":"https:\/\/lldmnow.com\/temasdoctrinales\/en-las-tinieblas-la-luz-resplandecio\/","url":"https:\/\/lldmnow.com\/temasdoctrinales\/en-las-tinieblas-la-luz-resplandecio\/","name":"En las tinieblas la luz resplandeci\u00f3 - Temas Doctrinales","isPartOf":{"@id":"https:\/\/lldmnow.com\/temasdoctrinales\/#website"},"primaryImageOfPage":{"@id":"https:\/\/lldmnow.com\/temasdoctrinales\/en-las-tinieblas-la-luz-resplandecio\/#primaryimage"},"image":{"@id":"https:\/\/lldmnow.com\/temasdoctrinales\/en-las-tinieblas-la-luz-resplandecio\/#primaryimage"},"thumbnailUrl":"https:\/\/i0.wp.com\/lldmnow.com\/temasdoctrinales\/wp-content\/uploads\/2019\/09\/Samuel-Joaquin-Flores-770x455-1.jpg?fit=770%2C455&ssl=1","datePublished":"2019-09-26T21:13:14+00:00","author":{"@id":"https:\/\/lldmnow.com\/temasdoctrinales\/#\/schema\/person\/03785e226831930f5c43251363c47713"},"breadcrumb":{"@id":"https:\/\/lldmnow.com\/temasdoctrinales\/en-las-tinieblas-la-luz-resplandecio\/#breadcrumb"},"inLanguage":"es","potentialAction":[{"@type":"ReadAction","target":["https:\/\/lldmnow.com\/temasdoctrinales\/en-las-tinieblas-la-luz-resplandecio\/"]}]},{"@type":"ImageObject","inLanguage":"es","@id":"https:\/\/lldmnow.com\/temasdoctrinales\/en-las-tinieblas-la-luz-resplandecio\/#primaryimage","url":"https:\/\/i0.wp.com\/lldmnow.com\/temasdoctrinales\/wp-content\/uploads\/2019\/09\/Samuel-Joaquin-Flores-770x455-1.jpg?fit=770%2C455&ssl=1","contentUrl":"https:\/\/i0.wp.com\/lldmnow.com\/temasdoctrinales\/wp-content\/uploads\/2019\/09\/Samuel-Joaquin-Flores-770x455-1.jpg?fit=770%2C455&ssl=1","width":770,"height":455},{"@type":"BreadcrumbList","@id":"https:\/\/lldmnow.com\/temasdoctrinales\/en-las-tinieblas-la-luz-resplandecio\/#breadcrumb","itemListElement":[{"@type":"ListItem","position":1,"name":"Inicio","item":"https:\/\/lldmnow.com\/temasdoctrinales\/"},{"@type":"ListItem","position":2,"name":"En las tinieblas la luz resplandeci\u00f3"}]},{"@type":"WebSite","@id":"https:\/\/lldmnow.com\/temasdoctrinales\/#website","url":"https:\/\/lldmnow.com\/temasdoctrinales\/","name":"Temas Doctrinales","description":"Diversos estudios b\u00edblicos Cristianos","potentialAction":[{"@type":"SearchAction","target":{"@type":"EntryPoint","urlTemplate":"https:\/\/lldmnow.com\/temasdoctrinales\/?s={search_term_string}"},"query-input":{"@type":"PropertyValueSpecification","valueRequired":true,"valueName":"search_term_string"}}],"inLanguage":"es"},{"@type":"Person","@id":"https:\/\/lldmnow.com\/temasdoctrinales\/#\/schema\/person\/03785e226831930f5c43251363c47713","name":"lldmnow","image":{"@type":"ImageObject","inLanguage":"es","@id":"https:\/\/secure.gravatar.com\/avatar\/007aefc26e8c5a80da6bf1856ed30427a51dfe99d86b2f47bac2a71c9a23f6f9?s=96&d=mm&r=g","url":"https:\/\/secure.gravatar.com\/avatar\/007aefc26e8c5a80da6bf1856ed30427a51dfe99d86b2f47bac2a71c9a23f6f9?s=96&d=mm&r=g","contentUrl":"https:\/\/secure.gravatar.com\/avatar\/007aefc26e8c5a80da6bf1856ed30427a51dfe99d86b2f47bac2a71c9a23f6f9?s=96&d=mm&r=g","caption":"lldmnow"},"sameAs":["https:\/\/lldmnow.com\/temasdoctrinales\/2022"],"url":"https:\/\/lldmnow.com\/temasdoctrinales\/author\/contactolldmnow-com\/"}]}},"jetpack_publicize_connections":[],"jetpack_featured_media_url":"https:\/\/i0.wp.com\/lldmnow.com\/temasdoctrinales\/wp-content\/uploads\/2019\/09\/Samuel-Joaquin-Flores-770x455-1.jpg?fit=770%2C455&ssl=1","jetpack_sharing_enabled":true,"_links":{"self":[{"href":"https:\/\/lldmnow.com\/temasdoctrinales\/wp-json\/wp\/v2\/posts\/4238","targetHints":{"allow":["GET"]}}],"collection":[{"href":"https:\/\/lldmnow.com\/temasdoctrinales\/wp-json\/wp\/v2\/posts"}],"about":[{"href":"https:\/\/lldmnow.com\/temasdoctrinales\/wp-json\/wp\/v2\/types\/post"}],"author":[{"embeddable":true,"href":"https:\/\/lldmnow.com\/temasdoctrinales\/wp-json\/wp\/v2\/users\/1"}],"replies":[{"embeddable":true,"href":"https:\/\/lldmnow.com\/temasdoctrinales\/wp-json\/wp\/v2\/comments?post=4238"}],"version-history":[{"count":0,"href":"https:\/\/lldmnow.com\/temasdoctrinales\/wp-json\/wp\/v2\/posts\/4238\/revisions"}],"wp:featuredmedia":[{"embeddable":true,"href":"https:\/\/lldmnow.com\/temasdoctrinales\/wp-json\/wp\/v2\/media\/4239"}],"wp:attachment":[{"href":"https:\/\/lldmnow.com\/temasdoctrinales\/wp-json\/wp\/v2\/media?parent=4238"}],"wp:term":[{"taxonomy":"category","embeddable":true,"href":"https:\/\/lldmnow.com\/temasdoctrinales\/wp-json\/wp\/v2\/categories?post=4238"},{"taxonomy":"post_tag","embeddable":true,"href":"https:\/\/lldmnow.com\/temasdoctrinales\/wp-json\/wp\/v2\/tags?post=4238"}],"curies":[{"name":"wp","href":"https:\/\/api.w.org\/{rel}","templated":true}]}}